{"id":2821,"date":"2024-09-17T14:42:11","date_gmt":"2024-09-17T11:42:11","guid":{"rendered":"https:\/\/www.ucay.com.tr\/blog\/?p=2821"},"modified":"2025-09-08T14:40:06","modified_gmt":"2025-09-08T11:40:06","slug":"elektrikli-arac-sarj-istasyonlarinda-fiyatlandirma-ve-kullanim-farklari","status":"publish","type":"post","link":"https:\/\/www.ucay.com.tr\/blog\/elektrikli-arac-sarj-istasyonlarinda-fiyatlandirma-ve-kullanim-farklari\/","title":{"rendered":"Elektrikli Ara\u00e7 \u015earj \u0130stasyonlar\u0131nda Fiyatland\u0131rma ve Kullan\u0131m Farklar\u0131 | \u00dc\u00e7ay M\u00fchendislik E-Mobilite"},"content":{"rendered":"\n<p><strong>Elektrikli Ara\u00e7 \u015earj \u0130stasyonu Nedir?<\/strong><\/p>\n\n\n\n<p><strong>Elektrikli ara\u00e7 \u015farj istasyonu (E-Mobilite sistemi)<\/strong>, elektrikli ara\u00e7lar\u0131n artan kullan\u0131m\u0131na paralel olarak yayg\u0131nla\u015fan bir altyap\u0131 ihtiyac\u0131d\u0131r.<\/p>\n\n\n\n<p>T\u00fcrkiye\u2019de elektrikli ara\u00e7lar\u0131n s\u00fcrd\u00fcr\u00fclebilirli\u011fi i\u00e7in g\u00fc\u00e7l\u00fc bir \u015farj altyap\u0131s\u0131 kritik \u00f6nem ta\u015f\u0131r. Bu noktada <strong>EATON elektrikli ara\u00e7 \u015farj istasyonlar\u0131<\/strong> ve \u00dc\u00e7ay M\u00fchendislik\u2019in E-Mobilite \u00e7\u00f6z\u00fcmleri \u00f6ne \u00e7\u0131kar.<\/p>\n\n\n\n<p>\u00dc\u00e7ay M\u00fchendislik, <strong>g\u00fcvenli, h\u0131zl\u0131 ve referansl\u0131 projeler<\/strong> ile elektrikli ara\u00e7 sahiplerine konforlu bir \u015farj deneyimi sunar.<\/p>\n\n\n\n<p><strong>Elektrikli Ara\u00e7 \u015earj \u0130stasyonlar\u0131nda Fiyatland\u0131rma ve Kullan\u0131m Farklar\u0131<\/strong><\/p>\n\n\n\n<p>Elektrikli ara\u00e7 kullan\u0131c\u0131lar\u0131 i\u00e7in \u015farj istasyonlar\u0131 \u00fc\u00e7 temel kategoriye ayr\u0131l\u0131r:<\/p>\n\n\n\n<ul class=\"wp-block-list\">\n<li><strong>Halka a\u00e7\u0131k \u015farj istasyonlar\u0131<\/strong><\/li>\n\n\n\n<li><strong>Sitelere \u00f6zel \u015farj istasyonlar\u0131<\/strong><\/li>\n\n\n\n<li><strong>Bireysel \u015farj istasyonlar\u0131<\/strong><\/li>\n<\/ul>\n\n\n\n<p>Her kategorinin kullan\u0131m ko\u015fullar\u0131 ve fiyatland\u0131rmas\u0131 farkl\u0131d\u0131r.<\/p>\n\n\n\n<p><strong>1. Halka A\u00e7\u0131k \u015earj \u0130stasyonlar\u0131<\/strong><\/p>\n\n\n\n<p><strong>Yayg\u0131nl\u0131k ve Fiyat Avantaj\u0131<\/strong><\/p>\n\n\n\n<p>Halka a\u00e7\u0131k \u015farj istasyonlar\u0131, AVM\u2019ler, otoparklar, akaryak\u0131t istasyonlar\u0131 ve yol kenarlar\u0131nda bulunur.<\/p>\n\n\n\n<ul class=\"wp-block-list\">\n<li><strong>Avantaj\u0131:<\/strong> Kolay eri\u015fim ve yayg\u0131n \u015farj a\u011f\u0131.<\/li>\n\n\n\n<li><strong>Fiyatland\u0131rma:<\/strong> Ortalama <strong>kWh ba\u015f\u0131na 8 TL<\/strong>, son art\u0131\u015flarla <strong>8\u201312 TL aras\u0131<\/strong>.<\/li>\n\n\n\n<li><strong>Neden daha pahal\u0131?<\/strong> Altyap\u0131, bak\u0131m ve operat\u00f6r hizmet maliyetleri fiyatlara yans\u0131r.<\/li>\n<\/ul>\n\n\n\n<p>Sonu\u00e7 olarak, halka a\u00e7\u0131k \u015farj istasyonlar\u0131 kullan\u0131m kolayl\u0131\u011f\u0131 sa\u011flasa da bireysel \u00e7\u00f6z\u00fcmlere k\u0131yasla daha maliyetlidir.<\/p>\n\n\n\n<p><strong>2. Sitelere \u00d6zel \u015earj \u0130stasyonlar\u0131<\/strong><\/p>\n\n\n\n<p><strong>Konforlu ve Ki\u015fiselle\u015ftirilmi\u015f Kullan\u0131m<\/strong><\/p>\n\n\n\n<p>Toplu konutlarda ve site sakinlerine \u00f6zel olarak kurulan \u015farj istasyonlar\u0131, konforu \u00f6n planda tutar.<\/p>\n\n\n\n<ul class=\"wp-block-list\">\n<li><strong>Fiyatland\u0131rma:<\/strong> <strong>kWh ba\u015f\u0131na 5\u20137,5 TL<\/strong> aral\u0131\u011f\u0131nda.<\/li>\n\n\n\n<li><strong>Avantajlar\u0131:<\/strong>\n<ul class=\"wp-block-list\">\n<li>G\u00fcvenli ve rahat ortamda \u015farj imkan\u0131<\/li>\n\n\n\n<li>Yo\u011funluk ve bekleme s\u00fcrelerinden etkilenmeden kullan\u0131m<\/li>\n\n\n\n<li>Gece \u015farj\u0131 gibi ki\u015fiselle\u015ftirilmi\u015f \u00e7\u00f6z\u00fcmler<\/li>\n<\/ul>\n<\/li>\n\n\n\n<li><strong>ELARIS \u00e7\u00f6z\u00fcmleri:<\/strong> Altyap\u0131 ve kurulum maliyetlerini kar\u015f\u0131layarak site b\u00fct\u00e7elerine katk\u0131 sa\u011flar.<\/li>\n<\/ul>\n\n\n\n<p>Bu istasyonlar, maliyet avantaj\u0131 ile g\u00fcvenlik ve konforu bir araya getirir.<\/p>\n\n\n\n<p><strong>3. Bireysel Kullan\u0131c\u0131lar\u0131n \u015earj \u0130stasyonlar\u0131<\/strong><\/p>\n\n\n\n<p><strong>Ekonomik ve Ba\u011f\u0131ms\u0131z \u00c7\u00f6z\u00fcmler<\/strong><\/p>\n\n\n\n<p>Bireysel kullan\u0131c\u0131lar\u0131n evlerine kurduklar\u0131 istasyonlar, en ekonomik \u00e7\u00f6z\u00fcm\u00fc sunar.<\/p>\n\n\n\n<ul class=\"wp-block-list\">\n<li><strong>Fiyatland\u0131rma:<\/strong> <strong>kWh ba\u015f\u0131na 3\u20134 TL<\/strong>.<\/li>\n\n\n\n<li><strong>Avantajlar\u0131:<\/strong>\n<ul class=\"wp-block-list\">\n<li>Uzun vadede b\u00fcy\u00fck tasarruf<\/li>\n\n\n\n<li>\u015earj a\u011f\u0131 operat\u00f6rlerine ba\u011fl\u0131 kalmadan ba\u011f\u0131ms\u0131z kullan\u0131m<\/li>\n\n\n\n<li>Tak-\u00e7al\u0131\u015ft\u0131r mant\u0131\u011f\u0131 ile kolay kullan\u0131m<\/li>\n\n\n\n<li>Ekstra \u00fcyelik veya uygulama gerektirmeme<\/li>\n<\/ul>\n<\/li>\n<\/ul>\n\n\n\n<p>Bu istasyonlar, elektrikli ara\u00e7 sahipleri i\u00e7in en d\u00fc\u015f\u00fck maliyetli ve en \u00f6zg\u00fcr se\u00e7enek olarak \u00f6ne \u00e7\u0131kar.<\/p>\n\n\n\n<p><strong>Do\u011fru \u015earj \u0130stasyonu Se\u00e7imi Nas\u0131l Yap\u0131l\u0131r?<\/strong><\/p>\n\n\n\n<p>Elektrikli ara\u00e7 sahiplerinin tercihleri; <strong>ya\u015fam tarz\u0131, b\u00fct\u00e7e ve kullan\u0131m al\u0131\u015fkanl\u0131klar\u0131na<\/strong> g\u00f6re de\u011fi\u015fiklik g\u00f6sterir.<\/p>\n\n\n\n<ul class=\"wp-block-list\">\n<li><strong>Halka a\u00e7\u0131k \u015farj istasyonlar\u0131:<\/strong> Eri\u015fim kolayl\u0131\u011f\u0131 ama y\u00fcksek maliyet<\/li>\n\n\n\n<li><strong>Sitelere \u00f6zel istasyonlar:<\/strong> Konforlu kullan\u0131m, orta maliyet<\/li>\n\n\n\n<li><strong>Bireysel istasyonlar:<\/strong> En d\u00fc\u015f\u00fck maliyet ve ba\u011f\u0131ms\u0131zl\u0131k<\/li>\n<\/ul>\n\n\n\n<p>\u00dc\u00e7ay M\u00fchendislik ve ELARIS, m\u00fc\u015fterilerine <strong>profesyonel dan\u0131\u015fmanl\u0131k, do\u011fru altyap\u0131 kurulumu ve uygun fiyat politikas\u0131<\/strong> ile destek sunar.<\/p>\n\n\n\n<p><strong>E-Mobilite ile S\u00fcrd\u00fcr\u00fclebilir ve Ekonomik S\u00fcr\u00fc\u015f<\/strong><\/p>\n\n\n\n<p>Her \u015farj istasyonu tipi farkl\u0131 avantajlar sunar. Elektrikli ara\u00e7 sahiplerinin, ihtiya\u00e7lar\u0131n\u0131 ve b\u00fct\u00e7elerini g\u00f6z \u00f6n\u00fcnde bulundurarak en uygun se\u00e7ene\u011fi tercih etmeleri \u00f6nemlidir.<\/p>\n\n\n\n<p>???? Profesyonel destek almak ve size en uygun <strong>elektrikli ara\u00e7 \u015farj istasyonu<\/strong> \u00e7\u00f6z\u00fcm\u00fcn\u00fc \u00f6\u011frenmek i\u00e7in \u00dc\u00e7ay M\u00fchendislik E-Mobilite ile ileti\u015fime ge\u00e7in.<\/p>\n","protected":false},"excerpt":{"rendered":"<p>Elektrikli Ara\u00e7 \u015earj \u0130stasyonu Nedir? Elektrikli ara\u00e7 \u015farj istasyonu (E-Mobilite sistemi), elektrikli ara\u00e7lar\u0131n artan kullan\u0131m\u0131na paralel olarak yayg\u0131nla\u015fan bir altyap\u0131 ihtiyac\u0131d\u0131r. T\u00fcrkiye\u2019de elektrikli ara\u00e7lar\u0131n s\u00fcrd\u00fcr\u00fclebilirli\u011fi i\u00e7in g\u00fc\u00e7l\u00fc bir \u015farj altyap\u0131s\u0131 kritik \u00f6nem ta\u015f\u0131r. Bu noktada EATON elektrikli ara\u00e7 \u015farj istasyonlar\u0131 ve \u00dc\u00e7ay M\u00fchendislik\u2019in E-Mobilite \u00e7\u00f6z\u00fcmleri&#8230;<\/p>\n","protected":false},"author":2,"featured_media":2822,"comment_status":"closed","ping_status":"open","sticky":false,"template":"","format":"standard","meta":{"_monsterinsights_skip_tracking":false,"_monsterinsights_sitenote_active":false,"_monsterinsights_sitenote_note":"","_monsterinsights_sitenote_category":0,"_uf_show_specific_survey":0,"_uf_disable_surveys":false,"footnotes":""},"categories":[8,12,1],"tags":[],"class_list":["post-2821","post","type-post","status-publish","format-standard","has-post-thumbnail","hentry","category-bilgi-bankasi","category-emobilite","category-genel"],"aioseo_notices":[],"views":3265,"_links":{"self":[{"href":"https:\/\/www.ucay.com.tr\/blog\/wp-json\/wp\/v2\/posts\/2821","targetHints":{"allow":["GET"]}}],"collection":[{"href":"https:\/\/www.ucay.com.tr\/blog\/wp-json\/wp\/v2\/posts"}],"about":[{"href":"https:\/\/www.ucay.com.tr\/blog\/wp-json\/wp\/v2\/types\/post"}],"author":[{"embeddable":true,"href":"https:\/\/www.ucay.com.tr\/blog\/wp-json\/wp\/v2\/users\/2"}],"replies":[{"embeddable":true,"href":"https:\/\/www.ucay.com.tr\/blog\/wp-json\/wp\/v2\/comments?post=2821"}],"version-history":[{"count":2,"href":"https:\/\/www.ucay.com.tr\/blog\/wp-json\/wp\/v2\/posts\/2821\/revisions"}],"predecessor-version":[{"id":2909,"href":"https:\/\/www.ucay.com.tr\/blog\/wp-json\/wp\/v2\/posts\/2821\/revisions\/2909"}],"wp:featuredmedia":[{"embeddable":true,"href":"https:\/\/www.ucay.com.tr\/blog\/wp-json\/wp\/v2\/media\/2822"}],"wp:attachment":[{"href":"https:\/\/www.ucay.com.tr\/blog\/wp-json\/wp\/v2\/media?parent=2821"}],"wp:term":[{"taxonomy":"category","embeddable":true,"href":"https:\/\/www.ucay.com.tr\/blog\/wp-json\/wp\/v2\/categories?post=2821"},{"taxonomy":"post_tag","embeddable":true,"href":"https:\/\/www.ucay.com.tr\/blog\/wp-json\/wp\/v2\/tags?post=2821"}],"curies":[{"name":"wp","href":"https:\/\/api.w.org\/{rel}","templated":true}]}}