{"id":635,"date":"2022-09-07T11:40:00","date_gmt":"2022-09-07T08:40:00","guid":{"rendered":"https:\/\/www.ucay.com.tr\/blog\/?p=635"},"modified":"2025-11-17T12:24:53","modified_gmt":"2025-11-17T09:24:53","slug":"en-iyi-kombi-markalari","status":"publish","type":"post","link":"https:\/\/www.ucay.com.tr\/blog\/en-iyi-kombi-markalari\/","title":{"rendered":"En \u0130yi Kombi Markalar\u0131 | Hangi Kombi Markalar\u0131 Tercih Edilmeli?"},"content":{"rendered":"\n<p>K\u0131\u015f mevsimi yakla\u015f\u0131rken bir\u00e7ok ki\u015fi evinde ya da i\u015f yerinde kullanaca\u011f\u0131 <strong>en iyi kombi markalar\u0131<\/strong> hakk\u0131nda ara\u015ft\u0131rma yap\u0131yor.<br>Peki, \u00f6zellikle T\u00fcrkiye\u2019de en \u00e7ok tercih edilen <strong>kombi markalar\u0131<\/strong> hangileri? Ev tipi kullan\u0131m i\u00e7in hangi modeller daha uygun?<\/p>\n\n\n\n<p>Bu sorular, kullan\u0131c\u0131lar i\u00e7in olduk\u00e7a kritik \u00e7\u00fcnk\u00fc tercih edilen kombinin <strong>kalitesi<\/strong>, <strong>performans\u0131<\/strong> ve <strong>servis a\u011f\u0131<\/strong> uzun vadede do\u011frudan konforu etkiler.<br>Bu yaz\u0131da sizler i\u00e7in T\u00fcrkiye\u2019de en \u00e7ok tercih edilen <strong>5 b\u00fcy\u00fck kombi markas\u0131n\u0131<\/strong> ve \u00f6ne \u00e7\u0131kan modellerini derledik.<br>Enerji tasarrufu, dayan\u0131kl\u0131l\u0131k ve servis a\u011f\u0131 bak\u0131m\u0131ndan \u00f6ne \u00e7\u0131kan markalara birlikte bakal\u0131m.<\/p>\n\n\n\n<hr class=\"wp-block-separator has-alpha-channel-opacity\"\/>\n\n\n\n<p><strong>\ud83d\udd25<\/strong><strong> En \u0130yi Kombi Markalar\u0131 Listesi<\/strong><\/p>\n\n\n\n<ol start=\"1\" class=\"wp-block-list\">\n<li><strong>Daikin<\/strong><\/li>\n\n\n\n<li><strong>Termoteknik<\/strong><\/li>\n\n\n\n<li><strong>Bosch<\/strong><\/li>\n\n\n\n<li><strong>Viessmann<\/strong><\/li>\n\n\n\n<li><strong>Airfel<\/strong><\/li>\n<\/ol>\n\n\n\n<hr class=\"wp-block-separator has-alpha-channel-opacity\"\/>\n\n\n\n<p><strong>1. Daikin Kombi ve \u00dcr\u00fcn Tavsiyesi<\/strong><\/p>\n\n\n\n<p>Son y\u0131llarda \u201c<strong>en iyi kombi markalar\u0131<\/strong>\u201d aras\u0131nda \u00f6ne \u00e7\u0131kan <strong>Daikin<\/strong>, <strong>enerji verimlili\u011fi<\/strong> ve <strong>yak\u0131t tasarrufu<\/strong>yla dikkat \u00e7ekiyor.<br>Markan\u0131n Premix serisi, 24 kW, 28 kW ve 35 kW se\u00e7enekleriyle kullan\u0131c\u0131lar\u0131n farkl\u0131 ihtiya\u00e7lar\u0131na cevap veriyor.<br>Kompakt yap\u0131s\u0131 sayesinde az yer kaplayan Daikin kombiler, hem daire hem de ofis kullan\u0131m\u0131na uygundur.<\/p>\n\n\n\n<p><strong>Daikin Kombi \u00d6zellikleri:<\/strong><\/p>\n\n\n\n<ul class=\"wp-block-list\">\n<li>A enerji s\u0131n\u0131f\u0131<\/li>\n\n\n\n<li>Y\u00fcksek enerji tasarrufu<\/li>\n\n\n\n<li>Paslanmaz \u00e7elik yap\u0131<\/li>\n\n\n\n<li>D\u00fc\u015f\u00fck emisyon, \u00e7evre dostu \u00e7al\u0131\u015fma<\/li>\n\n\n\n<li>Emniyet sistemi<\/li>\n\n\n\n<li>G\u00fcne\u015f enerjisiyle uyumluluk<\/li>\n\n\n\n<li>Oda termostat\u0131 deste\u011fi<\/li>\n<\/ul>\n\n\n\n<p><strong>Daikin Kombi Tavsiyeleri:<\/strong><\/p>\n\n\n\n<ul class=\"wp-block-list\">\n<li>Premix NDJ 35 KW (Tam Yo\u011fu\u015fmal\u0131 Kombi)<\/li>\n\n\n\n<li>Premix NDJ 28 KW (Tam Yo\u011fu\u015fmal\u0131 Kombi)<\/li>\n\n\n\n<li>Premix NDJ 24 KW (Tam Yo\u011fu\u015fmal\u0131 Kombi)<\/li>\n<\/ul>\n\n\n\n<hr class=\"wp-block-separator has-alpha-channel-opacity\"\/>\n\n\n\n<p><strong>2. Termoteknik Kombi ve \u00dcr\u00fcn Tavsiyesi<\/strong><\/p>\n\n\n\n<p><strong>Termoteknik<\/strong>, tam yo\u011fu\u015fmal\u0131 kombi modelleriyle kullan\u0131c\u0131lar\u0131n en \u00e7ok tercih etti\u011fi markalardan biridir.<br>Farkl\u0131 \u0131s\u0131 kapasitesi ihtiya\u00e7lar\u0131na uygun fiyatl\u0131 \u00e7\u00f6z\u00fcmler sunan Termoteknik, mutfak ve banyoda g\u00fc\u00e7l\u00fc s\u0131cak su performans\u0131yla dikkat \u00e7eker.<br>T\u00fcrkiye genelinde yayg\u0131n <strong>servis a\u011f\u0131<\/strong> sayesinde bak\u0131m ve ar\u0131za deste\u011fi olduk\u00e7a h\u0131zl\u0131d\u0131r.<\/p>\n\n\n\n<p><strong>Termoteknik Kombi \u00d6zellikleri:<\/strong><\/p>\n\n\n\n<ul class=\"wp-block-list\">\n<li>\u00c7evre dostu tasar\u0131m<\/li>\n\n\n\n<li>Y\u00fcksek s\u0131cak su kapasitesi<\/li>\n\n\n\n<li>Maksimum enerji tasarrufu<\/li>\n\n\n\n<li>Kompakt yap\u0131<\/li>\n\n\n\n<li>LCD ekran<\/li>\n\n\n\n<li>Geni\u015f servis a\u011f\u0131<\/li>\n<\/ul>\n\n\n\n<p><strong>Termoteknik Kombi Tavsiyeleri:<\/strong><\/p>\n\n\n\n<ul class=\"wp-block-list\">\n<li>Logic Premix 31KW<\/li>\n\n\n\n<li>Logic Yo\u011fu\u015fmal\u0131 26\/35 Kcal\/H<\/li>\n\n\n\n<li>Logic Yo\u011fu\u015fmal\u0131 31\/35 Kcal\/H<\/li>\n<\/ul>\n\n\n\n<hr class=\"wp-block-separator has-alpha-channel-opacity\"\/>\n\n\n\n<p><strong>3. Bosch Kombi ve \u00dcr\u00fcn Tavsiyesi<\/strong><\/p>\n\n\n\n<p>Teknoloji denince akla gelen ilk markalardan <strong>Bosch<\/strong>, kombi alan\u0131nda da g\u00fc\u00e7l\u00fc bir konuma sahiptir.<br><strong>D\u00fc\u015f\u00fck enerji t\u00fcketimi<\/strong>, <strong>sessiz \u00e7al\u0131\u015fma \u00f6zelli\u011fi<\/strong> ve <strong>yayg\u0131n servis a\u011f\u0131<\/strong> ile Bosch, <strong>en iyi kombi markalar\u0131<\/strong> aras\u0131nda \u00f6ne \u00e7\u0131kar.<\/p>\n\n\n\n<p><strong>Bosch Kombi \u00d6zellikleri:<\/strong><\/p>\n\n\n\n<ul class=\"wp-block-list\">\n<li>Mevsimsel enerji verimlili\u011fi<\/li>\n\n\n\n<li>D\u00fc\u015f\u00fck yak\u0131t kullan\u0131m\u0131<\/li>\n\n\n\n<li>Sessiz \u00e7al\u0131\u015fma<\/li>\n\n\n\n<li>Kompakt boyut<\/li>\n\n\n\n<li>Termostat uyumlulu\u011fu<\/li>\n\n\n\n<li>Geni\u015f servis a\u011f\u0131<\/li>\n<\/ul>\n\n\n\n<p><strong>Bosch Kombi Tavsiyeleri:<\/strong><\/p>\n\n\n\n<ul class=\"wp-block-list\">\n<li>Condens 2200i W Yo\u011fu\u015fmal\u0131 Kombi<\/li>\n\n\n\n<li>Condens 2300i W Yo\u011fu\u015fmal\u0131 Kombi<\/li>\n\n\n\n<li>Condens 7000i W Yo\u011fu\u015fmal\u0131 Kombi<\/li>\n<\/ul>\n\n\n\n<hr class=\"wp-block-separator has-alpha-channel-opacity\"\/>\n\n\n\n<p><strong>4. Viessmann Kombi ve \u00dcr\u00fcn Tavsiyesi<\/strong><\/p>\n\n\n\n<p>Is\u0131tma sekt\u00f6r\u00fcn\u00fcn k\u00f6kl\u00fc markalar\u0131ndan <strong>Viessmann<\/strong>, d\u00fcnya genelinde g\u00fcvenilirli\u011fiyle tan\u0131n\u0131r.<br>Alman kalitesiyle \u00fcretilen kombileri uzun \u00f6m\u00fcrl\u00fc ve y\u00fcksek performansl\u0131d\u0131r.<br>Modern kontrol sistemleri sayesinde kullan\u0131c\u0131 dostu bir deneyim sunar.<\/p>\n\n\n\n<p><strong>Viessmann Kombi \u00d6zellikleri:<\/strong><\/p>\n\n\n\n<ul class=\"wp-block-list\">\n<li>Y\u00fcksek kalite ve dayan\u0131kl\u0131l\u0131k<\/li>\n\n\n\n<li>LED ekran<\/li>\n\n\n\n<li>Uzaktan kontrol imkan\u0131<\/li>\n\n\n\n<li>Paslanmaz i\u00e7 aksam<\/li>\n\n\n\n<li>Termostat uyumlulu\u011fu<\/li>\n<\/ul>\n\n\n\n<p><strong>Viessmann Kombi Tavsiyeleri:<\/strong><\/p>\n\n\n\n<ul class=\"wp-block-list\">\n<li>Vitodens 111-F<\/li>\n\n\n\n<li>Yeni Vitodens 100-W<\/li>\n\n\n\n<li>Vitodens 141-F<\/li>\n\n\n\n<li>Vitodens 111-W<\/li>\n<\/ul>\n\n\n\n<hr class=\"wp-block-separator has-alpha-channel-opacity\"\/>\n\n\n\n<p><strong>5. Airfel Kombi ve \u00dcr\u00fcn Tavsiyesi<\/strong><\/p>\n\n\n\n<p>Is\u0131tma ve so\u011futma sistemlerinde \u00f6nc\u00fc markalardan <strong>Airfel<\/strong>, son y\u0131llarda enerji verimlili\u011fiyle \u00f6ne \u00e7\u0131kmaktad\u0131r.<br>Dayan\u0131kl\u0131 yap\u0131s\u0131, tasarruflu kullan\u0131m\u0131 ve uygun fiyat\u0131yla <strong>en \u00e7ok tercih edilen kombi markalar\u0131<\/strong> aras\u0131ndad\u0131r.<\/p>\n\n\n\n<p><strong>Airfel Kombi \u00d6zellikleri:<\/strong><\/p>\n\n\n\n<ul class=\"wp-block-list\">\n<li>Y\u00fcksek \u0131s\u0131l verim<\/li>\n\n\n\n<li>\u00c7evre dostu sistem<\/li>\n\n\n\n<li>Elektronik ate\u015fleme<\/li>\n\n\n\n<li>Modern tasar\u0131m<\/li>\n\n\n\n<li>Oda termostat\u0131 uyumlulu\u011fu<\/li>\n<\/ul>\n\n\n\n<p><strong>Airfel Kombi Tavsiyeleri:<\/strong><\/p>\n\n\n\n<ul class=\"wp-block-list\">\n<li>Digifel Premix 30 kW<\/li>\n\n\n\n<li>Maestro Smart Premix 24 kW<\/li>\n\n\n\n<li>Digifel Premix 38 kW<\/li>\n<\/ul>\n\n\n\n<hr class=\"wp-block-separator has-alpha-channel-opacity\"\/>\n\n\n\n<p><strong>\u2699\ufe0f<\/strong><strong> Kombi Se\u00e7iminde Dikkat Edilmesi Gerekenler<\/strong><\/p>\n\n\n\n<p>Sadece <strong>kombi markalar\u0131<\/strong> \u00fczerinden karar vermek do\u011fru de\u011fildir.<br>Kombinin verimli \u00e7al\u0131\u015fmas\u0131; <strong>evin b\u00fcy\u00fckl\u00fc\u011f\u00fc<\/strong>, <strong>b\u00f6lgenin iklimi<\/strong>, <strong>kapasite se\u00e7imi<\/strong> ve <strong>servis a\u011f\u0131<\/strong> gibi etkenlere ba\u011fl\u0131d\u0131r.<\/p>\n\n\n\n<p><strong>1. Kombi Kapasitesi<\/strong><\/p>\n\n\n\n<p>Kombi se\u00e7erken evinizin b\u00fcy\u00fckl\u00fc\u011f\u00fcne g\u00f6re do\u011fru <strong>kW de\u011ferinde kombi<\/strong> tercih etmeniz gerekir.<br>Kapasiteyi belirlerken bulundu\u011funuz b\u00f6lge, binan\u0131n yal\u0131t\u0131m\u0131 ve konumu dikkate al\u0131nmal\u0131d\u0131r.<\/p>\n\n\n\n<p><strong>2. Co\u011frafi Ko\u015fullar<\/strong><\/p>\n\n\n\n<p>\u0130zmir veya Adana gibi s\u0131cak b\u00f6lgelerde kombiler daha az kullan\u0131ld\u0131\u011f\u0131 i\u00e7in \u00f6m\u00fcrleri uzun olurken, Kars veya Erzurum gibi so\u011fuk \u015fehirlerde yo\u011fun kullan\u0131m nedeniyle cihaz \u00f6mr\u00fc daha k\u0131sa olabilir.<\/p>\n\n\n\n<p><strong>3. Servis A\u011f\u0131<\/strong><\/p>\n\n\n\n<p>Se\u00e7ti\u011finiz markan\u0131n ya\u015fad\u0131\u011f\u0131n\u0131z b\u00f6lgede <strong>servis deste\u011fi<\/strong> olup olmad\u0131\u011f\u0131n\u0131 kontrol edin.<br>\u0130stanbul\u2019da t\u00fcm markalar hizmet verirken, do\u011fu illerinde bu durum de\u011fi\u015febilir.<\/p>\n\n\n\n<hr class=\"wp-block-separator has-alpha-channel-opacity\"\/>\n\n\n\n<p><strong>\ud83d\udca7<\/strong><strong> Neden Yo\u011fu\u015fmal\u0131 Kombi Tercih Etmelisiniz?<\/strong><\/p>\n\n\n\n<p><strong>Yo\u011fu\u015fmal\u0131 kombiler<\/strong>, yanma sonucu olu\u015fan at\u0131k gazdaki su buhar\u0131n\u0131 tekrar enerjiye d\u00f6n\u00fc\u015ft\u00fcr\u00fcr.<br>Bu sayede hem <strong>enerji tasarrufu<\/strong> sa\u011flar hem de <strong>\u00e7evreye daha az zarar verir<\/strong>.<br>K\u0131sacas\u0131, daha az maliyetle daha verimli bir \u0131s\u0131nma elde edilir.<\/p>\n\n\n\n<p><strong>Yo\u011fu\u015fmal\u0131 Kombi ile Hermetik Kombi Aras\u0131ndaki Fark<\/strong><\/p>\n\n\n\n<ul class=\"wp-block-list\">\n<li><strong>Yo\u011fu\u015fmal\u0131 kombiler<\/strong>: At\u0131k gazdaki su buhar\u0131n\u0131 tekrar kullanarak ek enerji \u00fcretir.<\/li>\n\n\n\n<li><strong>Hermetik kombiler<\/strong>: Gaz\u0131 yakt\u0131ktan sonra olu\u015fan at\u0131\u011f\u0131 do\u011frudan d\u0131\u015far\u0131 atar.<\/li>\n<\/ul>\n\n\n\n<p>Yo\u011fu\u015fmal\u0131 kombi \u00e7evre dostu ve uzun vadede ekonomik bir se\u00e7enektir.<\/p>\n\n\n\n<hr class=\"wp-block-separator has-alpha-channel-opacity\"\/>\n\n\n\n<p><strong>\u2705<\/strong><strong> Sonu\u00e7: Hangi Kombi Markas\u0131 Se\u00e7ilmeli?<\/strong><\/p>\n\n\n\n<p>Kombi al\u0131rken <strong>en iyi kombi markalar\u0131<\/strong> aras\u0131nda yer alan <strong>Daikin, Bosch, Viessmann, Termoteknik<\/strong> ve <strong>Airfel<\/strong>, performans ve servis g\u00fcvencesi a\u00e7\u0131s\u0131ndan g\u00fcvenilir tercihlerdir.<br>Ancak do\u011fru kombi se\u00e7imi i\u00e7in evinizin \u00f6zellikleri, b\u00f6lgenizin iklim ko\u015fullar\u0131 ve servis eri\u015fimi mutlaka g\u00f6z \u00f6n\u00fcnde bulundurulmal\u0131d\u0131r.<\/p>\n","protected":false},"excerpt":{"rendered":"<p>K\u0131\u015f mevsimi yakla\u015f\u0131rken bir\u00e7ok ki\u015fi evinde ya da i\u015f yerinde kullanaca\u011f\u0131 en iyi kombi markalar\u0131 hakk\u0131nda ara\u015ft\u0131rma yap\u0131yor.Peki, \u00f6zellikle T\u00fcrkiye\u2019de en \u00e7ok tercih edilen kombi markalar\u0131 hangileri? Ev tipi kullan\u0131m i\u00e7in hangi modeller daha uygun? Bu sorular, kullan\u0131c\u0131lar i\u00e7in olduk\u00e7a kritik \u00e7\u00fcnk\u00fc tercih edilen kombinin&#8230;<\/p>\n","protected":false},"author":1,"featured_media":2633,"comment_status":"closed","ping_status":"open","sticky":false,"template":"","format":"standard","meta":{"_monsterinsights_skip_tracking":false,"_monsterinsights_sitenote_active":false,"_monsterinsights_sitenote_note":"","_monsterinsights_sitenote_category":0,"_uf_show_specific_survey":0,"_uf_disable_surveys":false,"footnotes":""},"categories":[1],"tags":[],"class_list":["post-635","post","type-post","status-publish","format-standard","has-post-thumbnail","hentry","category-genel"],"aioseo_notices":[],"views":15912,"_links":{"self":[{"href":"https:\/\/www.ucay.com.tr\/blog\/wp-json\/wp\/v2\/posts\/635","targetHints":{"allow":["GET"]}}],"collection":[{"href":"https:\/\/www.ucay.com.tr\/blog\/wp-json\/wp\/v2\/posts"}],"about":[{"href":"https:\/\/www.ucay.com.tr\/blog\/wp-json\/wp\/v2\/types\/post"}],"author":[{"embeddable":true,"href":"https:\/\/www.ucay.com.tr\/blog\/wp-json\/wp\/v2\/users\/1"}],"replies":[{"embeddable":true,"href":"https:\/\/www.ucay.com.tr\/blog\/wp-json\/wp\/v2\/comments?post=635"}],"version-history":[{"count":8,"href":"https:\/\/www.ucay.com.tr\/blog\/wp-json\/wp\/v2\/posts\/635\/revisions"}],"predecessor-version":[{"id":2947,"href":"https:\/\/www.ucay.com.tr\/blog\/wp-json\/wp\/v2\/posts\/635\/revisions\/2947"}],"wp:featuredmedia":[{"embeddable":true,"href":"https:\/\/www.ucay.com.tr\/blog\/wp-json\/wp\/v2\/media\/2633"}],"wp:attachment":[{"href":"https:\/\/www.ucay.com.tr\/blog\/wp-json\/wp\/v2\/media?parent=635"}],"wp:term":[{"taxonomy":"category","embeddable":true,"href":"https:\/\/www.ucay.com.tr\/blog\/wp-json\/wp\/v2\/categories?post=635"},{"taxonomy":"post_tag","embeddable":true,"href":"https:\/\/www.ucay.com.tr\/blog\/wp-json\/wp\/v2\/tags?post=635"}],"curies":[{"name":"wp","href":"https:\/\/api.w.org\/{rel}","templated":true}]}}