{"id":844,"date":"2022-06-20T17:00:00","date_gmt":"2022-06-20T14:00:00","guid":{"rendered":"https:\/\/www.ucay.com.tr\/blog\/?p=844"},"modified":"2025-12-22T16:45:53","modified_gmt":"2025-12-22T13:45:53","slug":"kombiye-su-basma-nasil-yapilir","status":"publish","type":"post","link":"https:\/\/www.ucay.com.tr\/blog\/kombiye-su-basma-nasil-yapilir\/","title":{"rendered":"Kombiye Su Basma Nas\u0131l Yap\u0131l\u0131r?"},"content":{"rendered":"\n<p><strong>Kombiye su basma<\/strong>, kombinin \u00e7al\u0131\u015fma bas\u0131nc\u0131n\u0131 y\u00fckseltmek i\u00e7in yap\u0131lan bir i\u015flemdir. Kullan\u0131c\u0131lar\u0131n s\u0131k kulland\u0131\u011f\u0131 bir terim olan bu i\u015flem, kombiye su verilerek cihaz\u0131n i\u00e7erisindeki bas\u0131nc\u0131n ideal seviyeye getirilmesini sa\u011flar. Kombi bas\u0131nc\u0131n\u0131n normal de\u011feri ortalama <strong>1.5 bar<\/strong> olup, g\u00f6stergedeki 1 ile 2 bar seviyesinin tam ortas\u0131nda olmas\u0131 gerekir.<\/p>\n\n\n\n<p>Bu rehberde, <strong>kombiye su basma<\/strong> i\u015flemini ad\u0131m ad\u0131m a\u00e7\u0131kl\u0131yor, bas\u0131n\u00e7 ka\u00e7 olmal\u0131, vanas\u0131 nas\u0131l bulunur ve i\u015flem s\u0131ras\u0131nda nelere dikkat etmeniz gerekiyor detayl\u0131 \u015fekilde aktar\u0131yoruz.<\/p>\n\n\n\n<hr class=\"wp-block-separator has-alpha-channel-opacity\"\/>\n\n\n\n<p><strong>Kombiye Su Nas\u0131l Verilir?<\/strong><\/p>\n\n\n\n<p><strong>4 Ad\u0131mda Kombiye Su Basma \u0130\u015flemi<\/strong><\/p>\n\n\n\n<p><strong>Kombiye su basma<\/strong> i\u015flemi, kullan\u0131c\u0131lar\u0131n kendi ba\u015f\u0131na kolayca yapabilece\u011fi bir uygulamad\u0131r. Ancak her kombi modelinde su basma vanas\u0131n\u0131n yeri ve tipi farkl\u0131 olabilir. \u0130\u015fte ad\u0131m ad\u0131m kombiye su verme s\u00fcreci:<\/p>\n\n\n\n<p><strong>1. Kombinin alt\u0131ndaki su basma vanas\u0131n\u0131 bulun<\/strong><\/p>\n\n\n\n<p>Cihaz\u0131n alt\u0131nda bulunan, genellikle <strong>mavi ya da siyah renkte<\/strong>, silindir \u015feklinde bir vana (musluk) bulunur. Bu aparat, su doldurma vanas\u0131d\u0131r.<\/p>\n\n\n\n<p><strong>2. Vana saat y\u00f6n\u00fcn\u00fcn tersine \u00e7evrilir<\/strong><\/p>\n\n\n\n<p>Kombi su bas\u0131nc\u0131 d\u00fc\u015f\u00fckse, bu vanay\u0131 <strong>saat y\u00f6n\u00fcn\u00fcn tersine \u00e7evirerek<\/strong> kombiye su giri\u015fini ba\u015flat\u0131n.<\/p>\n\n\n\n<p><strong>3. Bas\u0131n\u00e7 1.5 bar seviyesine gelene kadar su basmaya devam edin<\/strong><\/p>\n\n\n\n<p>Bar g\u00f6stergesini takip edin. Bas\u0131n\u00e7 1.5 seviyesine ula\u015f\u0131nca su basma i\u015flemini durdurun.<\/p>\n\n\n\n<p><strong>4. Vanay\u0131 kapat\u0131n<\/strong><\/p>\n\n\n\n<p>Bas\u0131n\u00e7 istenen seviyeye geldi\u011finde vanay\u0131 saat y\u00f6n\u00fcnde \u00e7evirerek kapat\u0131n. B\u00f6ylece <strong>kombiye su basma<\/strong> i\u015flemi tamamlanm\u0131\u015f olur.<\/p>\n\n\n\n<p><strong>Not:<\/strong> Kombiye su basman\u0131za ra\u011fmen bar seviyesi y\u00fckselmiyorsa, cihazda ar\u0131za olabilir. Bu durumda mutlaka yetkili servis \u00e7a\u011f\u0131r\u0131lmal\u0131d\u0131r.<\/p>\n\n\n\n<hr class=\"wp-block-separator has-alpha-channel-opacity\"\/>\n\n\n\n<p><strong>Kombiye Su Basma Vanas\u0131n\u0131 Nas\u0131l Bulurum?<\/strong><\/p>\n\n\n\n<p>Her kombi markas\u0131nda su basma vanas\u0131n\u0131n \u015fekli de\u011fi\u015febilir. Baz\u0131 modellerde silindir \u015feklinde, baz\u0131lar\u0131nda musluk formunda olabilir.<\/p>\n\n\n\n<p>Genel olarak \u00f6zellikleri:<\/p>\n\n\n\n<ul class=\"wp-block-list\">\n<li>Kombinin alt\u0131nda yer al\u0131r<\/li>\n\n\n\n<li>Siyah veya mavi renkte olabilir<\/li>\n\n\n\n<li>Sol tarafa \u00e7evrildi\u011finde su sesi duyulur<\/li>\n\n\n\n<li>Sa\u011fa \u00e7evrildi\u011finde kapan\u0131r<\/li>\n<\/ul>\n\n\n\n<p>Bu vana, <strong>kombiye su basma<\/strong> i\u015fleminin temel par\u00e7alar\u0131ndan biridir. Su sesi duydu\u011funuzda i\u015flemin ba\u015flad\u0131\u011f\u0131n\u0131 anlars\u0131n\u0131z.<\/p>\n\n\n\n<hr class=\"wp-block-separator has-alpha-channel-opacity\"\/>\n\n\n\n<p><strong>Kombinin Su Bas\u0131nc\u0131 Ka\u00e7 Olmal\u0131?<\/strong><\/p>\n\n\n\n<p>Kombilerdeki bas\u0131n\u00e7 g\u00f6stergesi <strong>BAR<\/strong> olarak ifade edilir. G\u00f6sterge \u00fczerindeki aral\u0131klar \u015fu anlama gelir:<\/p>\n\n\n\n<ul class=\"wp-block-list\">\n<li><strong>0 \u2013 1 bar (k\u0131rm\u0131z\u0131): Bas\u0131n\u00e7 d\u00fc\u015f\u00fck<\/strong><\/li>\n\n\n\n<li><strong>1 \u2013 2.5 bar (ye\u015fil): Bas\u0131n\u00e7 ideal<\/strong><\/li>\n\n\n\n<li><strong>2.5 \u2013 4 bar (k\u0131rm\u0131z\u0131): Bas\u0131n\u00e7 y\u00fcksek<\/strong><\/li>\n<\/ul>\n\n\n\n<p>Kombinin do\u011fru \u00e7al\u0131\u015fmas\u0131 i\u00e7in <strong>1.5 bar ideal bas\u0131n\u00e7<\/strong> seviyesidir.<\/p>\n\n\n\n<p><strong>Y\u00fcksek bas\u0131n\u00e7 (\u00f6rn: 3 bar) olursa ne olur?<\/strong><\/p>\n\n\n\n<ul class=\"wp-block-list\">\n<li>Kombi hata verebilir<\/li>\n\n\n\n<li>Emniyet ventili devreye girerek su bo\u015faltabilir<\/li>\n\n\n\n<li>Baz\u0131 modeller kendini otomatik dengeleyebilir<\/li>\n\n\n\n<li>D\u00fczelmezse su tahliye muslu\u011fu a\u00e7\u0131larak bar de\u011feri d\u00fc\u015f\u00fcr\u00fcl\u00fcr<\/li>\n<\/ul>\n\n\n\n<p>Bu nedenle <strong>kombiye su basma<\/strong> i\u015fleminde bar seviyesini dikkatle takip etmek \u00f6nemlidir.<\/p>\n\n\n\n<hr class=\"wp-block-separator has-alpha-channel-opacity\"\/>\n\n\n\n<p><strong>Kombiye Su Basma Hakk\u0131nda S\u0131k\u00e7a Sorulan Sorular<\/strong><\/p>\n\n\n\n<p>A\u015fa\u011f\u0131da kullan\u0131c\u0131lar\u0131n en \u00e7ok merak etti\u011fi sorulara h\u0131zl\u0131 ve net cevaplar bulabilirsiniz:<\/p>\n\n\n\n<hr class=\"wp-block-separator has-alpha-channel-opacity\"\/>\n\n\n\n<p><strong>Kombiye ka\u00e7 g\u00fcnde bir su bas\u0131l\u0131r?<\/strong><\/p>\n\n\n\n<p>Belirli bir s\u00fcre yoktur. Ortalama bir kombide bar seviyesi <strong>2\u20133 ayda bir<\/strong> d\u00fc\u015febilir. D\u00fc\u015ft\u00fc\u011f\u00fcnde <strong>kombiye su basma<\/strong> i\u015flemi yap\u0131lmal\u0131d\u0131r.<\/p>\n\n\n\n<hr class=\"wp-block-separator has-alpha-channel-opacity\"\/>\n\n\n\n<p><strong>Kombiye su vermek i\u00e7in ne gerekir?<\/strong><\/p>\n\n\n\n<p>Cihaz\u0131n alt\u0131ndaki <strong>su doldurma vanas\u0131<\/strong> (muslu\u011fu) kullan\u0131l\u0131r.<\/p>\n\n\n\n<hr class=\"wp-block-separator has-alpha-channel-opacity\"\/>\n\n\n\n<p><strong>Kombi su bas\u0131nc\u0131 d\u00fc\u015ferse ne olur?<\/strong><\/p>\n\n\n\n<p>Is\u0131tma sistemi \u00e7al\u0131\u015fmaz ve kombi ar\u0131za moduna ge\u00e7ebilir.<\/p>\n\n\n\n<hr class=\"wp-block-separator has-alpha-channel-opacity\"\/>\n\n\n\n<p><strong>Kombi su doldurma vanas\u0131 \u00e7al\u0131\u015fm\u0131yorsa ne yapmal\u0131y\u0131m?<\/strong><\/p>\n\n\n\n<p>Vanan\u0131n ar\u0131zal\u0131 olmas\u0131 m\u00fcmk\u00fcnd\u00fcr. Bu durumda mutlaka yetkili servis veya uzman tesisat\u00e7\u0131 \u00e7a\u011fr\u0131lmal\u0131d\u0131r.<\/p>\n\n\n\n<hr class=\"wp-block-separator has-alpha-channel-opacity\"\/>\n\n\n\n<p><strong>Bas\u0131nc\u0131 y\u00fckselttim ama kombi \u00e7al\u0131\u015fm\u0131yor, neden?<\/strong><\/p>\n\n\n\n<p>Kombi resetlenmemi\u015f olabilir. Cihaz \u00fczerindeki <strong>RESET<\/strong> veya <strong>R<\/strong> d\u00fc\u011fmesine basarak sistemi yeniden ba\u015flat\u0131n.<\/p>\n\n\n\n<hr class=\"wp-block-separator has-alpha-channel-opacity\"\/>\n\n\n\n<p><strong>Kombi suyu nereden al\u0131r?<\/strong><\/p>\n\n\n\n<p>Kombinin alt\u0131ndaki \u015febeke ba\u011flant\u0131 hatt\u0131ndan su \u00e7eker.<\/p>\n\n\n\n<hr class=\"wp-block-separator has-alpha-channel-opacity\"\/>\n\n\n\n<p><strong>Kombi su basma vanas\u0131 hangi y\u00f6ne \u00e7evrilir?<\/strong><\/p>\n\n\n\n<p>Genellikle <strong>saat y\u00f6n\u00fcn\u00fcn tersine<\/strong> \u00e7evrilerek a\u00e7\u0131l\u0131r. Kapatmak i\u00e7in saat y\u00f6n\u00fcnde \u00e7evrilmelidir.<\/p>\n\n\n\n<hr class=\"wp-block-separator has-alpha-channel-opacity\"\/>\n\n\n\n<p><strong>Sonu\u00e7<\/strong><\/p>\n\n\n\n<p><strong>Kombiye su basma<\/strong>, kombinin sa\u011fl\u0131kl\u0131 ve verimli \u015fekilde \u00e7al\u0131\u015fmas\u0131 i\u00e7in d\u00fczenli olarak yap\u0131lmas\u0131 gereken basit bir bak\u0131m i\u015flemidir. Bas\u0131n\u00e7 d\u00fc\u015f\u00fckl\u00fc\u011f\u00fc kombinin \u00e7al\u0131\u015fmamas\u0131na, y\u00fcksek bas\u0131n\u00e7 ise ar\u0131zaya neden olabilir. Bu nedenle bar g\u00f6stergesini takip etmek ve gerekti\u011finde do\u011fru \u015fekilde su basmak b\u00fcy\u00fck \u00f6nem ta\u015f\u0131r.<\/p>\n","protected":false},"excerpt":{"rendered":"<p>Kombiye su basma, kombinin \u00e7al\u0131\u015fma bas\u0131nc\u0131n\u0131 y\u00fckseltmek i\u00e7in yap\u0131lan bir i\u015flemdir. Kullan\u0131c\u0131lar\u0131n s\u0131k kulland\u0131\u011f\u0131 bir terim olan bu i\u015flem, kombiye su verilerek cihaz\u0131n i\u00e7erisindeki bas\u0131nc\u0131n ideal seviyeye getirilmesini sa\u011flar. Kombi bas\u0131nc\u0131n\u0131n normal de\u011feri ortalama 1.5 bar olup, g\u00f6stergedeki 1 ile 2 bar seviyesinin tam ortas\u0131nda&#8230;<\/p>\n","protected":false},"author":2,"featured_media":2648,"comment_status":"closed","ping_status":"open","sticky":false,"template":"","format":"standard","meta":{"_monsterinsights_skip_tracking":false,"_monsterinsights_sitenote_active":false,"_monsterinsights_sitenote_note":"","_monsterinsights_sitenote_category":0,"_uf_show_specific_survey":0,"_uf_disable_surveys":false,"footnotes":""},"categories":[1],"tags":[],"class_list":["post-844","post","type-post","status-publish","format-standard","has-post-thumbnail","hentry","category-genel"],"aioseo_notices":[],"views":148753,"_links":{"self":[{"href":"https:\/\/www.ucay.com.tr\/blog\/wp-json\/wp\/v2\/posts\/844","targetHints":{"allow":["GET"]}}],"collection":[{"href":"https:\/\/www.ucay.com.tr\/blog\/wp-json\/wp\/v2\/posts"}],"about":[{"href":"https:\/\/www.ucay.com.tr\/blog\/wp-json\/wp\/v2\/types\/post"}],"author":[{"embeddable":true,"href":"https:\/\/www.ucay.com.tr\/blog\/wp-json\/wp\/v2\/users\/2"}],"replies":[{"embeddable":true,"href":"https:\/\/www.ucay.com.tr\/blog\/wp-json\/wp\/v2\/comments?post=844"}],"version-history":[{"count":11,"href":"https:\/\/www.ucay.com.tr\/blog\/wp-json\/wp\/v2\/posts\/844\/revisions"}],"predecessor-version":[{"id":2967,"href":"https:\/\/www.ucay.com.tr\/blog\/wp-json\/wp\/v2\/posts\/844\/revisions\/2967"}],"wp:featuredmedia":[{"embeddable":true,"href":"https:\/\/www.ucay.com.tr\/blog\/wp-json\/wp\/v2\/media\/2648"}],"wp:attachment":[{"href":"https:\/\/www.ucay.com.tr\/blog\/wp-json\/wp\/v2\/media?parent=844"}],"wp:term":[{"taxonomy":"category","embeddable":true,"href":"https:\/\/www.ucay.com.tr\/blog\/wp-json\/wp\/v2\/categories?post=844"},{"taxonomy":"post_tag","embeddable":true,"href":"https:\/\/www.ucay.com.tr\/blog\/wp-json\/wp\/v2\/tags?post=844"}],"curies":[{"name":"wp","href":"https:\/\/api.w.org\/{rel}","templated":true}]}}